{"id":6210,"date":"2026-04-28T07:43:25","date_gmt":"2026-04-28T07:43:25","guid":{"rendered":"https:\/\/luxembourg.aftt.be\/?p=6210"},"modified":"2026-04-28T09:34:39","modified_gmt":"2026-04-28T08:34:39","slug":"top-12-provincial-le-03-mai-2026-2","status":"publish","type":"post","link":"https:\/\/luxembourg.aftt.be\/index.php\/top-12-provincial-le-03-mai-2026-2\/","title":{"rendered":"Top 12 provincial le 03 mai 2026 \u00e0 Jamoigne"},"content":{"rendered":"\n<p>Le Top 12 provincial a lieu le 03 mai 2026.<\/p>\n<p>D\u00e9but de la comp\u00e9tition \u00e0 10h00.<\/p>\n<p>Adresse: rue du Faing n\u00b016 \u00e0 6810 Jamoigne<\/p>\n<p>Liste des qualifi\u00e9s : <a href=\"https:\/\/luxembourg.aftt.be\/wp-content\/uploads\/2026\/04\/2025-2026-Top-12-provincial-liste-des-qualifies.pdf\" target=\"_blank\" rel=\"noopener\">lien<\/a><\/p>\n<p>R\u00e8glement : <a href=\"https:\/\/luxembourg.aftt.be\/wp-content\/uploads\/2026\/04\/2025-2026-Top-12-provincial-reglement-1.pdf\" target=\"_blank\" rel=\"noopener\">lien<\/a><\/p>\n","protected":false},"excerpt":{"rendered":"<p>Le Top 12 provincial a lieu le 03 mai 2026. D\u00e9but de la comp\u00e9tition \u00e0 10h00. Adresse: rue du Faing n\u00b016 \u00e0 6810 Jamoigne Liste des qualifi\u00e9s : lien R\u00e8glement : lien<\/p>\n","protected":false},"author":11,"featured_media":0,"comment_status":"closed","ping_status":"closed","sticky":false,"template":"","format":"standard","meta":{"footnotes":""},"categories":[21],"tags":[],"class_list":["post-6210","post","type-post","status-publish","format-standard","hentry","category-competitions-2"],"_links":{"self":[{"href":"https:\/\/luxembourg.aftt.be\/index.php\/wp-json\/wp\/v2\/posts\/6210","targetHints":{"allow":["GET"]}}],"collection":[{"href":"https:\/\/luxembourg.aftt.be\/index.php\/wp-json\/wp\/v2\/posts"}],"about":[{"href":"https:\/\/luxembourg.aftt.be\/index.php\/wp-json\/wp\/v2\/types\/post"}],"author":[{"embeddable":true,"href":"https:\/\/luxembourg.aftt.be\/index.php\/wp-json\/wp\/v2\/users\/11"}],"replies":[{"embeddable":true,"href":"https:\/\/luxembourg.aftt.be\/index.php\/wp-json\/wp\/v2\/comments?post=6210"}],"version-history":[{"count":2,"href":"https:\/\/luxembourg.aftt.be\/index.php\/wp-json\/wp\/v2\/posts\/6210\/revisions"}],"predecessor-version":[{"id":6214,"href":"https:\/\/luxembourg.aftt.be\/index.php\/wp-json\/wp\/v2\/posts\/6210\/revisions\/6214"}],"wp:attachment":[{"href":"https:\/\/luxembourg.aftt.be\/index.php\/wp-json\/wp\/v2\/media?parent=6210"}],"wp:term":[{"taxonomy":"category","embeddable":true,"href":"https:\/\/luxembourg.aftt.be\/index.php\/wp-json\/wp\/v2\/categories?post=6210"},{"taxonomy":"post_tag","embeddable":true,"href":"https:\/\/luxembourg.aftt.be\/index.php\/wp-json\/wp\/v2\/tags?post=6210"}],"curies":[{"name":"wp","href":"https:\/\/api.w.org\/{rel}","templated":true}]}}