{"id":6200,"date":"2026-04-27T07:07:56","date_gmt":"2026-04-27T07:07:56","guid":{"rendered":"https:\/\/luxembourg.aftt.be\/?p=6200"},"modified":"2026-04-27T08:43:07","modified_gmt":"2026-04-27T07:43:07","slug":"barrages-25-26","status":"publish","type":"post","link":"https:\/\/luxembourg.aftt.be\/index.php\/barrages-25-26\/","title":{"rendered":"Barrages 25-26"},"content":{"rendered":"\n<p>Voici le fichier des barrages mis \u00e0 jour. Les clubs concern\u00e9s ont re\u00e7u un mail ce lundi.<\/p>\n<p>Les forfaits seront publi\u00e9s r\u00e9guli\u00e8rement. Pour rappel, ils doivent \u00eatre d\u00e9clar\u00e9s avant le mercredi 28\/04 \u00e0 20h<\/p>\n<p><a href=\"https:\/\/luxembourg.aftt.be\/wp-content\/uploads\/2026\/04\/fin-inter-25-26-1.pdf\">lien<\/a><\/p>\n","protected":false},"excerpt":{"rendered":"<p>Voici le fichier des barrages mis \u00e0 jour. Les clubs concern\u00e9s ont re\u00e7u un mail ce lundi. Les forfaits seront publi\u00e9s r\u00e9guli\u00e8rement. Pour rappel, ils doivent \u00eatre d\u00e9clar\u00e9s avant le mercredi 28\/04 \u00e0 20h lien<\/p>\n","protected":false},"author":12,"featured_media":0,"comment_status":"closed","ping_status":"closed","sticky":false,"template":"","format":"standard","meta":{"footnotes":""},"categories":[13],"tags":[],"class_list":["post-6200","post","type-post","status-publish","format-standard","hentry","category-tours-finaux-et-barrages"],"_links":{"self":[{"href":"https:\/\/luxembourg.aftt.be\/index.php\/wp-json\/wp\/v2\/posts\/6200","targetHints":{"allow":["GET"]}}],"collection":[{"href":"https:\/\/luxembourg.aftt.be\/index.php\/wp-json\/wp\/v2\/posts"}],"about":[{"href":"https:\/\/luxembourg.aftt.be\/index.php\/wp-json\/wp\/v2\/types\/post"}],"author":[{"embeddable":true,"href":"https:\/\/luxembourg.aftt.be\/index.php\/wp-json\/wp\/v2\/users\/12"}],"replies":[{"embeddable":true,"href":"https:\/\/luxembourg.aftt.be\/index.php\/wp-json\/wp\/v2\/comments?post=6200"}],"version-history":[{"count":3,"href":"https:\/\/luxembourg.aftt.be\/index.php\/wp-json\/wp\/v2\/posts\/6200\/revisions"}],"predecessor-version":[{"id":6206,"href":"https:\/\/luxembourg.aftt.be\/index.php\/wp-json\/wp\/v2\/posts\/6200\/revisions\/6206"}],"wp:attachment":[{"href":"https:\/\/luxembourg.aftt.be\/index.php\/wp-json\/wp\/v2\/media?parent=6200"}],"wp:term":[{"taxonomy":"category","embeddable":true,"href":"https:\/\/luxembourg.aftt.be\/index.php\/wp-json\/wp\/v2\/categories?post=6200"},{"taxonomy":"post_tag","embeddable":true,"href":"https:\/\/luxembourg.aftt.be\/index.php\/wp-json\/wp\/v2\/tags?post=6200"}],"curies":[{"name":"wp","href":"https:\/\/api.w.org\/{rel}","templated":true}]}}