{"id":6143,"date":"2026-04-02T07:15:29","date_gmt":"2026-04-02T07:15:29","guid":{"rendered":"https:\/\/luxembourg.aftt.be\/?p=6143"},"modified":"2026-04-02T08:36:29","modified_gmt":"2026-04-02T07:36:29","slug":"coupe-de-la-province-journee-finale","status":"publish","type":"post","link":"https:\/\/luxembourg.aftt.be\/index.php\/coupe-de-la-province-journee-finale\/","title":{"rendered":"Coupe de la Province &#8211; Journ\u00e9e finale"},"content":{"rendered":"\n\n\n<p class=\"has-text-align-center has-vivid-green-cyan-color has-text-color has-link-color wp-elements-f5ae02b61e10c8a4fd175badd1b967a6\"><\/p>\n\n\n\n<p style=\"text-align: center;\"><strong><em><span style=\"color: #339966;\">La journ\u00e9e finale aura lieu <\/span><span style=\"color: #339966;\">le dimanche 12 avril 2026 <\/span><span style=\"color: #339966;\">dans la salle du TT VIRTON<\/span><\/em><\/strong><br \/><span style=\"color: #ff0000;\">D\u00e9but des matches \u00e0 14h00<\/span><\/p>\n<p style=\"text-align: center;\"><span style=\"color: #000000;\">Dames : R\u00e9sultats des 1\/4 de finales et composition des \u00e9quipes qualifi\u00e9es : <em><a href=\"https:\/\/luxembourg.aftt.be\/wp-content\/uploads\/2026\/04\/Equipes-Dames-qualifiees-pour-la-journee-finale-2025-2026.pdf\" target=\"_blank\" rel=\"noopener\">Lien<\/a><\/em>\u00a0<\/span><\/p>\n<p style=\"text-align: center;\">Messieurs : R\u00e9sultats des tours pr\u00e9liminaires et composition des \u00e9quipes qualifi\u00e9es : <em><a href=\"https:\/\/luxembourg.aftt.be\/wp-content\/uploads\/2026\/04\/Resultats-1-04.pdf\" target=\"_blank\" rel=\"noopener\">Lien<\/a><\/em><\/p>\n<p style=\"text-align: center;\"><span style=\"color: #ff0000;\">Ouverture de la salle \u00e0 13h00.<\/span><\/p>\n<p>\u00a0<\/p>\n\n\n\n\n","protected":false},"excerpt":{"rendered":"<p>La journ\u00e9e finale aura lieu le dimanche 12 avril 2026 dans la salle du TT VIRTOND\u00e9but des matches \u00e0 14h00 Dames : R\u00e9sultats des 1\/4 de finales et composition des \u00e9quipes qualifi\u00e9es : Lien\u00a0 Messieurs : R\u00e9sultats des tours pr\u00e9liminaires et composition des \u00e9quipes qualifi\u00e9es : Lien Ouverture de la salle \u00e0 13h00. \u00a0<\/p>\n","protected":false},"author":13,"featured_media":0,"comment_status":"closed","ping_status":"closed","sticky":false,"template":"","format":"standard","meta":{"footnotes":""},"categories":[23],"tags":[],"class_list":["post-6143","post","type-post","status-publish","format-standard","hentry","category-coupe"],"_links":{"self":[{"href":"https:\/\/luxembourg.aftt.be\/index.php\/wp-json\/wp\/v2\/posts\/6143","targetHints":{"allow":["GET"]}}],"collection":[{"href":"https:\/\/luxembourg.aftt.be\/index.php\/wp-json\/wp\/v2\/posts"}],"about":[{"href":"https:\/\/luxembourg.aftt.be\/index.php\/wp-json\/wp\/v2\/types\/post"}],"author":[{"embeddable":true,"href":"https:\/\/luxembourg.aftt.be\/index.php\/wp-json\/wp\/v2\/users\/13"}],"replies":[{"embeddable":true,"href":"https:\/\/luxembourg.aftt.be\/index.php\/wp-json\/wp\/v2\/comments?post=6143"}],"version-history":[{"count":2,"href":"https:\/\/luxembourg.aftt.be\/index.php\/wp-json\/wp\/v2\/posts\/6143\/revisions"}],"predecessor-version":[{"id":6147,"href":"https:\/\/luxembourg.aftt.be\/index.php\/wp-json\/wp\/v2\/posts\/6143\/revisions\/6147"}],"wp:attachment":[{"href":"https:\/\/luxembourg.aftt.be\/index.php\/wp-json\/wp\/v2\/media?parent=6143"}],"wp:term":[{"taxonomy":"category","embeddable":true,"href":"https:\/\/luxembourg.aftt.be\/index.php\/wp-json\/wp\/v2\/categories?post=6143"},{"taxonomy":"post_tag","embeddable":true,"href":"https:\/\/luxembourg.aftt.be\/index.php\/wp-json\/wp\/v2\/tags?post=6143"}],"curies":[{"name":"wp","href":"https:\/\/api.w.org\/{rel}","templated":true}]}}